{"id":388,"date":"2018-05-10T13:30:58","date_gmt":"2018-05-10T11:30:58","guid":{"rendered":"http:\/\/badestampselges.com\/blog\/?p=388"},"modified":"2024-01-22T13:04:47","modified_gmt":"2024-01-22T12:04:47","slug":"fordeler-og-unytteligheter-av-trede-saunas","status":"publish","type":"post","link":"https:\/\/www.badestampselges.com\/blog\/fordeler-og-unytteligheter-av-trede-saunas\/","title":{"rendered":"Fordeler Og Unytteligheter Av Trede Saunas"},"content":{"rendered":"<p><strong>Hva slags badstue b\u00f8r jeg velge?<\/strong><\/p>\n<p><strong><u>Formen er viktig.<\/u><\/strong><\/p>\n<p>Det er s\u00e5 mange ting \u00e5 vurdere n\u00e5r du velger dine fremtidige badstue at vi har besluttet \u00e5 sammenligne v\u00e5re tilbud for \u00e5 hjelpe deg \u00e5 avgj\u00f8re hva som er best for deg. <!--more-->Det er en endelig tabell over de fordeler og ulemper som viser alle fire modeller i slutten av denne artikkelen. Den f\u00f8rste tabellen viser alternativene og den grunnleggende informasjonen. Her finner du ogs\u00e5 en kort oversikt over de viktigste tingene du b\u00f8r vurdere n\u00e5r du velger. Trinn nummer \u00e9n er \u00e5 bestemme hvilken form som er mest attraktivt for deg, eller som ville passe best. St\u00f8rrelsen p\u00e5 badstuen er sv\u00e6rt viktig fordi den bestemmer antall personer som kan passe. Derfor kan nesten alle badstuer utvides i lengde, men innsiden er forskjellig, selv om alle badstuer er like lange. For eksempel:<\/p>\n<ul>\n<li>En rektangul\u00e4r <a href=\"https:\/\/www.badestampselges.com\/utendors-vedfyrt-badstue\/\" target=\"_blank\" rel=\"noopener\">badstue<\/a> er mest romslige, og p\u00e5 grunn av sin form selv en meget h\u00f8y person som pregeten komfortabel i hvert hj\u00f8rne. One littfor b\u00e6rbare bord i et omkledningsrom gj\u00f8rdet f\u00f8les som en liten hytte. Det er ogs\u00e5 veldig praktisk, men det beste er at du kan ha to store vinduer p\u00e5 b\u00e5de vegger hvis du velger en modell med d\u00f8rer p\u00e5 siden.<\/li>\n<li>En t\u00f8nne-badstue varmes opp raskere, fordi den runde formen sparer plass og derfor er denne modellen smart og funksjonell.<\/li>\n<li>En iglo-badstue har en unik og tradisjonell form spesielt opprettet for h\u00f8ye og sn\u00f8dekte omr\u00e5der. Taket er fullstendig dekket av bitumen fra topp til jord, og beskytter mot forskjellige v\u00e6rforhold.<\/li>\n<li>En vertikal badstuer kommer i en st\u00f8rrelse og er beregnet for sm\u00e5 familier som ikke har mye utrymme i hagen, men likevel \u00f8nsker \u00e5 dra nytte av en utend\u00f8rs badstu. Det ser ut som et s\u00f8tt liten hus.<\/li>\n<\/ul>\n<p>\r\n\t\t\t\t\t\n\r\n\t\t\t\t\t<!-- START UNITE GALLERY 1.7.62 -->\r\n\t\t\t\t\t\r\n\t\t\t\t\n\t\t\t<div id='unitegallery_8_1' class='unite-gallery' style='margin:0px auto;'>\n\t\t\t\t\n\n\t\t\t\t\t\t<img alt=\"Fat Sauna\"\n\t\t\t\t\t\t     src=\"\" data-image=\"https:\/\/www.badestampselges.com\/blog\/wp-content\/uploads\/2018\/05\/fat-sauna-3.jpg\"\n\t\t\t\t\t\t     data-thumb=\"https:\/\/www.badestampselges.com\/blog\/wp-content\/uploads\/2018\/05\/fat-sauna-3-300x225.jpg\"\n\t\t\t\t\t\t     title=\"\"\n\t\t\t\t\t\t     style=\"display:none\">\n\n\t\t\t\t\t\t<img alt=\"Rektangul\u00e6r Badstue\"\n\t\t\t\t\t\t     src=\"\" data-image=\"https:\/\/www.badestampselges.com\/blog\/wp-content\/uploads\/2018\/05\/Rektangul\u00e6r-badstue-1.jpg\"\n\t\t\t\t\t\t     data-thumb=\"https:\/\/www.badestampselges.com\/blog\/wp-content\/uploads\/2018\/05\/Rektangul\u00e6r-badstue-1-300x201.jpg\"\n\t\t\t\t\t\t     title=\"\"\n\t\t\t\t\t\t     style=\"display:none\">\n\n\t\t\t\t\t\t<img alt=\"Igloo Sauna\"\n\t\t\t\t\t\t     src=\"\" data-image=\"https:\/\/www.badestampselges.com\/blog\/wp-content\/uploads\/2018\/05\/Igloo-sauna-1.jpg\"\n\t\t\t\t\t\t     data-thumb=\"https:\/\/www.badestampselges.com\/blog\/wp-content\/uploads\/2018\/05\/Igloo-sauna-1-225x300.jpg\"\n\t\t\t\t\t\t     title=\"\"\n\t\t\t\t\t\t     style=\"display:none\">\n\n\t\t\t\t\t\t<img alt=\"Vertikal Badstue\"\n\t\t\t\t\t\t     src=\"\" data-image=\"https:\/\/www.badestampselges.com\/blog\/wp-content\/uploads\/2018\/05\/Vertikal-badstue-1.jpg\"\n\t\t\t\t\t\t     data-thumb=\"https:\/\/www.badestampselges.com\/blog\/wp-content\/uploads\/2018\/05\/Vertikal-badstue-1-300x198.jpg\"\n\t\t\t\t\t\t     title=\"\"\n\t\t\t\t\t\t     style=\"display:none\">\n\t\t\t<\/div>\n\n\t\t\t<script type='text\/javascript'>\n\t\t\t\twindow.onload = function(e) {\n\t\t\t\t\tif(typeof ugCheckForErrors == \"undefined\"){\n\t\t\t\t\t\tdocument.getElementById(\"unitegallery_8_1\").innerHTML = \"<span style='color:red'>Unite Gallery Error - gallery js and css files not included in the footer. Please make sure that wp_footer() function is added to your theme.<\/span>\";}\n\t\t\t\t\telse{ ugCheckForErrors(\"unitegallery_8_1\", \"jquery\");}\n\t\t\t\t};\n\t\t\t<\/script>\n\n\t\t\t<!-- END UNITEGALLERY --><\/p>\n\n<table id=\"tablepress-5\" class=\"tablepress tablepress-id-5\">\n<tbody class=\"row-striping row-hover\">\n<tr class=\"row-1\">\n\t<td class=\"column-1\"><\/td><td class=\"column-2\">Iglo<\/td><td class=\"column-3\">T\u00f8nne<\/td><td class=\"column-4\">Rektangul\u00e6r<\/td><td class=\"column-5\">Vertikal<\/td>\n<\/tr>\n<tr class=\"row-2\">\n\t<td class=\"column-1\">Tretype<\/td><td class=\"column-2\">Sibirsk gran, lerk eller termisk tre<\/td><td class=\"column-3\">Sibirsk gran, lerk eller termisk tre<\/td><td class=\"column-4\">Sibirsk gran, lerk eller termisk tre<\/td><td class=\"column-5\">Sibirsk gran, lerk eller termisk tre<\/td>\n<\/tr>\n<tr class=\"row-3\">\n\t<td class=\"column-1\">Lengde<\/td><td class=\"column-2\">2000-5000 mm<\/td><td class=\"column-3\">2000-5000 mm<\/td><td class=\"column-4\">2000-5000 mm<\/td><td class=\"column-5\">1900 mm<\/td>\n<\/tr>\n<tr class=\"row-4\">\n\t<td class=\"column-1\">H\u00f8yde<\/td><td class=\"column-2\">2400 mm<\/td><td class=\"column-3\">2000 eller 2200 mm<\/td><td class=\"column-4\">2450 mm<\/td><td class=\"column-5\">2400 mm<\/td>\n<\/tr>\n<tr class=\"row-5\">\n\t<td class=\"column-1\">Bredde<\/td><td class=\"column-2\">2350 mm<\/td><td class=\"column-3\">2000 eller 2200 mm<\/td><td class=\"column-4\">2450 mm<\/td><td class=\"column-5\">1900 mm<\/td>\n<\/tr>\n<tr class=\"row-6\">\n\t<td class=\"column-1\">Veggtykkelse<\/td><td class=\"column-2\">45mm<\/td><td class=\"column-3\">45mm<\/td><td class=\"column-4\">45mm<\/td><td class=\"column-5\">45mm<\/td>\n<\/tr>\n<tr class=\"row-7\">\n\t<td class=\"column-1\">Omkledningsrom<\/td><td class=\"column-2\">Valgfritt <\/td><td class=\"column-3\">Valgfritt <\/td><td class=\"column-4\">Valgfritt <\/td><td class=\"column-5\">-<\/td>\n<\/tr>\n<tr class=\"row-8\">\n\t<td class=\"column-1\">Terrasse<\/td><td class=\"column-2\">Valgfritt <\/td><td class=\"column-3\">Valgfritt <\/td><td class=\"column-4\">Valgfritt <\/td><td class=\"column-5\">-<\/td>\n<\/tr>\n<tr class=\"row-9\">\n\t<td class=\"column-1\">Bakre veggvinduer<\/td><td class=\"column-2\">Sm\u00e5 vinduer, delvis eller hele panoramavinduer<\/td><td class=\"column-3\">Sm\u00e5 vinduer, delvis eller hele panoramavinduer<\/td><td class=\"column-4\">Sm\u00e5 vinduer, delvis eller hele panoramavinduer<\/td><td class=\"column-5\">Sm\u00e5 vinduer<\/td>\n<\/tr>\n<tr class=\"row-10\">\n\t<td class=\"column-1\">Impregnerte yttervegger<\/td><td class=\"column-2\">Hvis montert<\/td><td class=\"column-3\">Hvis montert<\/td><td class=\"column-4\">Hvis montert<\/td><td class=\"column-5\">Hvis montert<\/td>\n<\/tr>\n<tr class=\"row-11\">\n\t<td class=\"column-1\">Dekorative gesims<\/td><td class=\"column-2\">Ja<\/td><td class=\"column-3\">Ja<\/td><td class=\"column-4\">Ja<\/td><td class=\"column-5\">Ja<\/td>\n<\/tr>\n<tr class=\"row-12\">\n\t<td class=\"column-1\">Glassd\u00f8r mellom badstu og omkledningsrom<\/td><td class=\"column-2\">Valgfritt <\/td><td class=\"column-3\">Valgfritt <\/td><td class=\"column-4\">Valgfritt <\/td><td class=\"column-5\">-<\/td>\n<\/tr>\n<tr class=\"row-13\">\n\t<td class=\"column-1\">Ikke montert<\/td><td class=\"column-2\">Valgfritt <\/td><td class=\"column-3\">Valgfritt <\/td><td class=\"column-4\">-<\/td><td class=\"column-5\">Valgfritt <\/td>\n<\/tr>\n<\/tbody>\n<\/table>\n<!-- #tablepress-5 from cache -->\n<p><strong><u>Hvordan velge st\u00f8rrelsen p\u00e5 badstuen<\/u><\/strong><\/p>\n<p>Det er sv\u00e6rt viktig \u00e5 vurdere dine behov og muligheter. Noen ganger vil du ha en st\u00f8rre badstue, men omr\u00e5det er for liten, og s\u00e5 videre. Derfor har vi en liten tabell som viser hvor mange personer som kan passe i hvert badstue. Informasjonen er kun plass i badstuen. Hvis du bestiller en badstue som er 5 meter, men 2 meter omkledningsrom, s\u00e5 badstuen er bare tre meter og 4-6 personer kan passe. Jeg h\u00e5per det vil hjelpe deg \u00e5 forst\u00e5 og avgj\u00f8re hvilken st\u00f8rrelse er best for din badstue. N\u00e5r du velger den endelige lengden av badstuen, b\u00f8r du vurdere romoppsettet. Du kan ogs\u00e5 tenke p\u00e5 hvor mange personer du \u00f8nsker badstuen skal ha plass til, og bestemme basert p\u00e5 dette.<\/p>\n<p>\r\n\t\t\t\t\t\n\r\n\t\t\t\t\t<!-- START UNITE GALLERY 1.7.62 -->\r\n\t\t\t\t\t\r\n\t\t\t\t\n\t\t\t<div id='unitegallery_9_2' class='unite-gallery' style='margin:0px auto;'>\n\t\t\t\t\n\n\t\t\t\t\t\t<img alt=\"Igloo Sauna\"\n\t\t\t\t\t\t     src=\"\" data-image=\"https:\/\/www.badestampselges.com\/blog\/wp-content\/uploads\/2018\/05\/Igloo-sauna.jpg\"\n\t\t\t\t\t\t     data-thumb=\"https:\/\/www.badestampselges.com\/blog\/wp-content\/uploads\/2018\/05\/Igloo-sauna-300x161.jpg\"\n\t\t\t\t\t\t     title=\"\"\n\t\t\t\t\t\t     style=\"display:none\">\n\n\t\t\t\t\t\t<img alt=\"Fat Sauna\"\n\t\t\t\t\t\t     src=\"\" data-image=\"https:\/\/www.badestampselges.com\/blog\/wp-content\/uploads\/2018\/05\/fat-sauna.jpg\"\n\t\t\t\t\t\t     data-thumb=\"https:\/\/www.badestampselges.com\/blog\/wp-content\/uploads\/2018\/05\/fat-sauna-300x158.jpg\"\n\t\t\t\t\t\t     title=\"\"\n\t\t\t\t\t\t     style=\"display:none\">\n\n\t\t\t\t\t\t<img alt=\"Rektangul\u00e6r Badstue\"\n\t\t\t\t\t\t     src=\"\" data-image=\"https:\/\/www.badestampselges.com\/blog\/wp-content\/uploads\/2018\/05\/Rektangul\u00e6r-badstue.jpg\"\n\t\t\t\t\t\t     data-thumb=\"https:\/\/www.badestampselges.com\/blog\/wp-content\/uploads\/2018\/05\/Rektangul\u00e6r-badstue-300x197.jpg\"\n\t\t\t\t\t\t     title=\"\"\n\t\t\t\t\t\t     style=\"display:none\">\n\n\t\t\t\t\t\t<img alt=\"Vertikal Badstue\"\n\t\t\t\t\t\t     src=\"\" data-image=\"https:\/\/www.badestampselges.com\/blog\/wp-content\/uploads\/2018\/05\/Vertikal-badstue.jpg\"\n\t\t\t\t\t\t     data-thumb=\"https:\/\/www.badestampselges.com\/blog\/wp-content\/uploads\/2018\/05\/Vertikal-badstue.jpg\"\n\t\t\t\t\t\t     title=\"\"\n\t\t\t\t\t\t     style=\"display:none\">\n\t\t\t<\/div>\n\n\n\t\t\t<!-- END UNITEGALLERY --><\/p>\n<p>\r\n\t\t\t\t\t\n\r\n\t\t\t\t\t<!-- START UNITE GALLERY 1.7.62 -->\r\n\t\t\t\t\t\r\n\t\t\t\t\n\t\t\t<div id='unitegallery_10_3' class='unite-gallery' style='margin:0px auto;'>\n\t\t\t\t\n\n\t\t\t\t\t\t<img alt=\"Fat Sauna (1)\"\n\t\t\t\t\t\t     src=\"\" data-image=\"https:\/\/www.badestampselges.com\/blog\/wp-content\/uploads\/2018\/05\/fat-sauna-1.jpg\"\n\t\t\t\t\t\t     data-thumb=\"https:\/\/www.badestampselges.com\/blog\/wp-content\/uploads\/2018\/05\/fat-sauna-1-300x225.jpg\"\n\t\t\t\t\t\t     title=\"\"\n\t\t\t\t\t\t     style=\"display:none\">\n\n\t\t\t\t\t\t<img alt=\"Fat Sauna (2)\"\n\t\t\t\t\t\t     src=\"\" data-image=\"https:\/\/www.badestampselges.com\/blog\/wp-content\/uploads\/2018\/05\/fat-sauna-2.jpg\"\n\t\t\t\t\t\t     data-thumb=\"https:\/\/www.badestampselges.com\/blog\/wp-content\/uploads\/2018\/05\/fat-sauna-2-300x225.jpg\"\n\t\t\t\t\t\t     title=\"\"\n\t\t\t\t\t\t     style=\"display:none\">\n\t\t\t<\/div>\n\n\n\t\t\t<!-- END UNITEGALLERY --><\/p>\n<p><strong><u>Har du vurdert \u00e5 omkledningsrom eller terrasse?<\/u><\/strong><\/p>\n<p>Selv om omkledningsrommet er valgfritt, kan du senere angre at du ikke valgt det. S\u00e5 husk det f\u00f8r det er for sent. Hvis du har et annet rom i n\u00e6rheten av badstue du trenger er ikke et omkledningsrom, men for de som ikke har et slikt rom, anbefaler vi at du velger et omkledningsrom. St\u00f8rrelsen kan variere avhengig av dine behov, men det b\u00f8r v\u00e6re minst en meter lang. Omkledningsrommet er utstyrt med benker og vi kan ogs\u00e5 legge til noen hyller under benker hvor du kan sette dine personlige eiendeler. Oppgaven v\u00e5r er \u00e5 gj\u00f8re din badstue s\u00e5 behagelig som mulig, s\u00e5 ikke n\u00f8l med \u00e5 fortelle oss dine ideer.<\/p>\n<p>Den lille takterrassen foran badstuen er ikke bare vakker, men ogs\u00e5 veldig praktisk. Dette \u00e5pne omr\u00e5det er perfekt for \u00e5 slappe av f\u00f8r eller etter en badstue bad. Tenk deg \u00e5 ta en kopp te under en stjernehimmelen om natten, og du trenger ikke bekymre deg hvis det regner. Trebenker p\u00e5 terrassen er alltid inkludert, og derfor trenger du ikke \u00e5 kj\u00f8pe mer m\u00f8bler. Ettersom lengden av terrassen er valgfri, kan vi tilpasse den til din smak.<\/p>\n<p>\r\n\t\t\t\t\t\n\r\n\t\t\t\t\t<!-- START UNITE GALLERY 1.7.62 -->\r\n\t\t\t\t\t\r\n\t\t\t\t\n\t\t\t<div id='unitegallery_11_4' class='unite-gallery' style='margin:0px auto;'>\n\t\t\t\t\n\n\t\t\t\t\t\t<img alt=\"Fat Sauna Med Terrasse\"\n\t\t\t\t\t\t     src=\"\" data-image=\"https:\/\/www.badestampselges.com\/blog\/wp-content\/uploads\/2018\/05\/Fat-sauna-med-terrasse.jpg\"\n\t\t\t\t\t\t     data-thumb=\"https:\/\/www.badestampselges.com\/blog\/wp-content\/uploads\/2018\/05\/Fat-sauna-med-terrasse-300x257.jpg\"\n\t\t\t\t\t\t     title=\"\"\n\t\t\t\t\t\t     style=\"display:none\">\n\n\t\t\t\t\t\t<img alt=\"Fat Sauna Uten Terrasse\"\n\t\t\t\t\t\t     src=\"\" data-image=\"https:\/\/www.badestampselges.com\/blog\/wp-content\/uploads\/2018\/05\/Fat-sauna-uten-terrasse.jpg\"\n\t\t\t\t\t\t     data-thumb=\"https:\/\/www.badestampselges.com\/blog\/wp-content\/uploads\/2018\/05\/Fat-sauna-uten-terrasse-300x240.jpg\"\n\t\t\t\t\t\t     title=\"\"\n\t\t\t\t\t\t     style=\"display:none\">\n\t\t\t<\/div>\n\n\n\t\t\t<!-- END UNITEGALLERY --><\/p>\n<p><strong><u>Ikke g\u00e5 glipp av den spektakul\u00e6re utsikten rundt omkring<\/u><\/strong><\/p>\n<p>Tre modeller kan utstyres med delvis eller full panoramavinduer. Det er bare den vertikale badstue med sm\u00e5 vinduer. I tillegg trenger du ikke mister denne muligheten selv om du velger en umontert badstue. Det er spesielt relevant for de som bor i avgrensede omr\u00e5der kun tilgjengelig med en liten transport. Delvise panoramavinduer kan transporteres med en liten transport og montert i en badstue tynn med ikke mer enn 4 meter i lengde. Andre varianter er ogs\u00e5 tilgjengelig, men disse kan bare transporteres med st\u00f8rre lastebiler. Derfor gir vi deg r\u00e5d om hvilket alternativ som er best for deg.<\/p>\n<p>\r\n\t\t\t\t\t\n\r\n\t\t\t\t\t<!-- START UNITE GALLERY 1.7.62 -->\r\n\t\t\t\t\t\r\n\t\t\t\t\n\t\t\t<div id='unitegallery_12_5' class='unite-gallery' style='margin:0px auto;'>\n\t\t\t\t\n\n\t\t\t\t\t\t<img alt=\"Innsiden Av Fatet Badstuen\"\n\t\t\t\t\t\t     src=\"\" data-image=\"https:\/\/www.badestampselges.com\/blog\/wp-content\/uploads\/2018\/05\/Innsiden-av-fatet-badstuen.jpg\"\n\t\t\t\t\t\t     data-thumb=\"https:\/\/www.badestampselges.com\/blog\/wp-content\/uploads\/2018\/05\/Innsiden-av-fatet-badstuen-277x300.jpg\"\n\t\t\t\t\t\t     title=\"\"\n\t\t\t\t\t\t     style=\"display:none\">\n\n\t\t\t\t\t\t<img alt=\"Utenfor Tunet Badstuen\"\n\t\t\t\t\t\t     src=\"\" data-image=\"https:\/\/www.badestampselges.com\/blog\/wp-content\/uploads\/2018\/05\/Utenfor-tunet-badstuen.jpg\"\n\t\t\t\t\t\t     data-thumb=\"https:\/\/www.badestampselges.com\/blog\/wp-content\/uploads\/2018\/05\/Utenfor-tunet-badstuen-300x225.jpg\"\n\t\t\t\t\t\t     title=\"\"\n\t\t\t\t\t\t     style=\"display:none\">\n\t\t\t<\/div>\n\n\n\t\t\t<!-- END UNITEGALLERY --><\/p>\n<p><strong><u>Harvia varmeapparat for badstue<\/u><\/strong><\/p>\n<p>Vi tilbyr et bredt spekter av Harvia varmeapparat til ulike badstuer, slik at vi kan dekke alles behov. Vi tilbyr b\u00e5de elektriske og vedfyrte ovner. Du kan ogs\u00e5 velge om du vil plassere tre fra innsiden eller utsiden. For \u00e5 lage damp, er det mulig \u00e5 legge vann med tre brennende ovner. Noen av de elektriske varmeinnretninger kan v\u00e6re utstyrt med styreenheten. Det er den perfekte l\u00f8sningen hvis du vil varmeren for \u00e5 operere lett fra utsiden av badstuen. All Harvia bereder har en CE-merking, som er obligatorisk i alle land i Europa. De m\u00f8tes ogs\u00e5 CE-krav og Tyskland har nasjonale krav (BImSchV) som ogs\u00e5 m\u00f8tes. F\u00f8r du bestiller et badstue, b\u00f8r du vite alle de lokale krav og tillatelser for at du kommer til \u00e5 ha en badstue i ditt omr\u00e5de.<\/p>\n<p><img decoding=\"async\" class=\"alignnone wp-image-389 size-large\" src=\"http:\/\/badestampselges.com\/blog\/wp-content\/uploads\/2018\/05\/Varmeapparater-til-badstuen-1024x330.jpg\" alt=\"\" width=\"525\" height=\"169\" srcset=\"https:\/\/www.badestampselges.com\/blog\/wp-content\/uploads\/2018\/05\/Varmeapparater-til-badstuen.jpg 1024w, https:\/\/www.badestampselges.com\/blog\/wp-content\/uploads\/2018\/05\/Varmeapparater-til-badstuen-300x97.jpg 300w, https:\/\/www.badestampselges.com\/blog\/wp-content\/uploads\/2018\/05\/Varmeapparater-til-badstuen-768x248.jpg 768w, https:\/\/www.badestampselges.com\/blog\/wp-content\/uploads\/2018\/05\/Varmeapparater-til-badstuen-350x113.jpg 350w\" sizes=\"(max-width: 525px) 100vw, 525px\" \/><\/p>\n<p><strong><u>Slutgiktig sammenligning av 4 forskjellige typer badstuemodeller<\/u><\/strong><\/p>\n<p>Her er v\u00e5r tabell med alle fordeler og ulemper, avhengig av situasjonen. Noen ganger kan en viss st\u00f8rrelse v\u00e6re akkurat det du trenger. Tabellen er basert p\u00e5 v\u00e5re kunders mest popul\u00e6re valget, og ofte stilte sp\u00f8rsm\u00e5l. Noen meninger kan v\u00e6re forskjellige, og derfor oppfordrer vi deg til \u00e5 ta kontakt med oss slik at vi kan finne den modellen som passer best til dine behov.<\/p>\n\n<table id=\"tablepress-6\" class=\"tablepress tablepress-id-6\">\n<tbody class=\"row-striping row-hover\">\n<tr class=\"row-1\">\n\t<td class=\"column-1\"><\/td><td class=\"column-2\">Igloo<\/td><td class=\"column-3\">T\u00f8nne<\/td><td class=\"column-4\">Rektangul\u00e6r<\/td><td class=\"column-5\">Vertikal<\/td>\n<\/tr>\n<tr class=\"row-2\">\n\t<td class=\"column-1\">Fordeler<\/td><td class=\"column-2\">\u25cfPerfekt for h\u00f8ye og sn\u00f8rike omr\u00e5der<br \/>\n\u25cfJusterbar lengde<br \/>\n\u25cfOmkledningsrom eller terrasse <br \/>\n\u25cfDelvis eller hele panoramavinduer<br \/>\n\u25cfMonteringssett (flatpakket)<br \/>\n\u25cfOmfattende utvalg av Harvia-apparater<br \/>\n\u25cfInnretning kan tilpasses<br \/>\n\u25cfHelt dekket tak<br \/>\n<\/td><td class=\"column-3\">\u25cfSmart konstruksjon som sparer plass<br \/>\n\u25cfJusterbar lengde<br \/>\n\u25cfOmkledningsrom eller terrasse <br \/>\n\u25cf2 en delvis eller hele panoramavinduer (hvis sided\u00f8r)<br \/>\n\u25cfMonteringssett (flatpakket)<br \/>\n\u25cfFlatpakket, kan leveres med en 3,5 t eller 7,5t lastebil<br \/>\n\u25cfNer den ikke er montert, er den lettere \u00e5 laste uten ekstra utstyr<br \/>\n\u25cfKrever mindre plass<br \/>\n\u25cfOmfattende utvalg av Harvia-varmeapparater<br \/>\n\u25cfInnretning kan tilpasses<br \/>\n\u25cfKen bli lagt p\u00e5 trailere<br \/>\n<\/td><td class=\"column-4\">\u25cfMye romslig, god for lange personer<br \/>\n\u25cfJusterbar lengde<br \/>\n\u25cfOmkledningsrom eller terrasse <br \/>\n\u25cf2 delvis eller hele panoramavinduer (hvis sided\u00f8r)<br \/>\n\u25cfOmfattende utvalg av Harvia-varmeapparater<br \/>\n\u25cfInnretning kan tilpasses<br \/>\n<\/td><td class=\"column-5\">\u25cfKrever liten plass<br \/>\n\u25cfMonteringssett (flatpakket)<br \/>\n\u25cfOmfattende Harvia varmeapparat<br \/>\n\u25cfKan blir levert av en 3t , 5t 7,5t eller lastebil<br \/>\n<\/td>\n<\/tr>\n<tr class=\"row-3\">\n\t<td class=\"column-1\">Cons<\/td><td class=\"column-2\">\u25cfTar lengre tid \u00e5 varme sammenlignet med  t\u00f8nne<br \/>\n\u25cfKrever mer plass<br \/>\n\u25cfFlatpakket, kan bare transporteres av en 25t lastebil.<\/td><td class=\"column-3\">\u25cfRundt tak er mindre bra enn iglo i sn\u00f8rike omr\u00e5der.<\/td><td class=\"column-4\">\u25cfTar lengst tid \u00e5 varme ettersom den er mest romslig<br \/>\n\u25cfKan ikke leveres som et sett (umontert)<br \/>\n\u25cfKrever mer plass<\/td><td class=\"column-5\">\u25cfKun en st\u00f8rrelse<br \/>\n\u25cfIngefor omkledningsrommet eller terrasse<br \/>\n\u25cfIngen andre vindus alternativer<br \/>\n\u25cfFeller liten til \u00e5 liggei<\/td>\n<\/tr>\n<\/tbody>\n<\/table>\n<!-- #tablepress-6 from cache -->\n","protected":false},"excerpt":{"rendered":"<p>Hva slags badstue b\u00f8r jeg velge? Formen er viktig. Det er s\u00e5 mange ting \u00e5 vurdere n\u00e5r du velger dine fremtidige badstue at vi har besluttet \u00e5 sammenligne v\u00e5re tilbud for \u00e5 hjelpe deg \u00e5 avgj\u00f8re hva som er best for deg.<\/p>\n","protected":false},"author":3,"featured_media":417,"comment_status":"open","ping_status":"closed","sticky":false,"template":"","format":"standard","meta":{"footnotes":""},"categories":[6],"tags":[],"class_list":["post-388","post","type-post","status-publish","format-standard","has-post-thumbnail","hentry","category-utendors-trehage-sauna"],"_links":{"self":[{"href":"https:\/\/www.badestampselges.com\/blog\/wp-json\/wp\/v2\/posts\/388","targetHints":{"allow":["GET"]}}],"collection":[{"href":"https:\/\/www.badestampselges.com\/blog\/wp-json\/wp\/v2\/posts"}],"about":[{"href":"https:\/\/www.badestampselges.com\/blog\/wp-json\/wp\/v2\/types\/post"}],"author":[{"embeddable":true,"href":"https:\/\/www.badestampselges.com\/blog\/wp-json\/wp\/v2\/users\/3"}],"replies":[{"embeddable":true,"href":"https:\/\/www.badestampselges.com\/blog\/wp-json\/wp\/v2\/comments?post=388"}],"version-history":[{"count":0,"href":"https:\/\/www.badestampselges.com\/blog\/wp-json\/wp\/v2\/posts\/388\/revisions"}],"wp:featuredmedia":[{"embeddable":true,"href":"https:\/\/www.badestampselges.com\/blog\/wp-json\/wp\/v2\/media\/417"}],"wp:attachment":[{"href":"https:\/\/www.badestampselges.com\/blog\/wp-json\/wp\/v2\/media?parent=388"}],"wp:term":[{"taxonomy":"category","embeddable":true,"href":"https:\/\/www.badestampselges.com\/blog\/wp-json\/wp\/v2\/categories?post=388"},{"taxonomy":"post_tag","embeddable":true,"href":"https:\/\/www.badestampselges.com\/blog\/wp-json\/wp\/v2\/tags?post=388"}],"curies":[{"name":"wp","href":"https:\/\/api.w.org\/{rel}","templated":true}]}}